{"id":3643,"date":"2017-03-06T11:49:20","date_gmt":"2017-03-06T11:49:20","guid":{"rendered":"http:\/\/help.cobraszamlazoprogram.hu\/?p=3643"},"modified":"2017-11-28T10:55:46","modified_gmt":"2017-11-28T10:55:46","slug":"keresest-es-adat-tovabbitast-segito-muveletek-a-felsorolas-tipusu-ablakokban","status":"publish","type":"post","link":"https:\/\/help.cobraszamlazoprogram.hu\/index.php\/2017\/03\/06\/keresest-es-adat-tovabbitast-segito-muveletek-a-felsorolas-tipusu-ablakokban\/","title":{"rendered":"Keres\u00e9st \u00e9s adat tov\u00e1bb\u00edt\u00e1st seg\u00edt\u0151 m\u0171veletek a felsorol\u00e1s t\u00edpus\u00fa ablakokban"},"content":{"rendered":"<p>A felsorol\u00e1sok lehetnek egy t\u00f6rzsadat \u00e1llom\u00e1ny t\u00e9telei, vagy egy analitik\u00e1hoz tartoz\u00f3 \u00e1llom\u00e1ny t\u00e9telei. Az ilyen ablakok neve tall\u00f3z\u00f3 vagy keres\u0151 ablak, illetve az adatfeldolgoz\u00e1sban alkalmazott szakmai nyelven <strong>browser<\/strong>.<\/p>\n<p>Ha egy \u00e1llom\u00e1ny viszonylag kicsi, mint p\u00e9ld\u00e1ul a lehets\u00e9ges, vagy a sz\u00e1ml\u00e1z\u00e1s sor\u00e1n alkalmazott <strong>\u00c1FA kulcsok<\/strong> \u00e1llom\u00e1nya, akkor c\u00e9lszer\u0171, hogy az \u00e1llom\u00e1nyt megnyitva az \u00e1llom\u00e1nyba tartoz\u00f3 \u00f6sszes t\u00e9telt felsorolja a program az ablakban. Viszont egy nagyobb \u00e1llom\u00e1ny eset\u00e9ben mint p\u00e9ld\u00e1ul a ki\u00e1ll\u00edtott v\u00e9gleges sz\u00e1ml\u00e1k \u00e1llom\u00e1nya, indokolt, hogy k\u00fcl\u00f6nb\u00f6z\u0151 m\u00f3don legyen lehet\u0151s\u00e9g sz\u0171r\u00e9sekre, sz\u0171k\u00edt\u00e9sekre \u00e9s a megjelen\u00edtett adatok ig\u00e9ny szerinti \u00e1trendez\u00e9s\u00e9re.<\/p>\n<p>A nagyobb \u00e1llom\u00e1nyok eset\u00e9ben a keres\u0151 ablakok als\u00f3 r\u00e9sz\u00e9ben be\u00e9p\u00edtett m\u00f3don rendelkez\u00e9sre \u00e1llnak olyan sz\u0171r\u0151 mez\u0151k, ahol d\u00e1tum, sorsz\u00e1m, n\u00e9v t\u00f6red\u00e9k, stb. adatok be\u00e1ll\u00edt\u00e1s\u00e1val sz\u0171r\u00e9sek, sz\u0171k\u00edt\u00e9sek ind\u00edthat\u00f3k.<\/p>\n<p>A keres\u0151 ablakokban a be\u00e9p\u00edtett sz\u0171r\u00e9si lehet\u0151s\u00e9geken k\u00edv\u00fcl tov\u00e1bbi m\u0171veletek v\u00e9grehajt\u00e1s\u00e1ra is lehet\u0151s\u00e9g van. Ig\u00e9ny szerinti sz\u0171r\u0151k szerkeszthet\u0151k, \u00e1trendez\u00e9sek, csoportos\u00edt\u00e1sok seg\u00edtik a gyors keres\u00e9st, \u00e9s a jobb \u00e1ttekint\u00e9st, tov\u00e1bb\u00e1 a kigy\u0171jt\u00f6tt \u00e1trendezett megjelen\u00edtett t\u00e9telek, v\u00e1g\u00f3lapra m\u00e1solhat\u00f3k, v\u00e1laszthat\u00f3 form\u00e1tumban export\u00e1lhat\u00f3k, \u00e9s sz\u00fcks\u00e9g eset\u00e9n megfelel\u0151 form\u00e1tumban nyomtat\u00f3ra k\u00fcldhet\u0151k.<\/p>\n<p>A felhaszn\u00e1lhat\u00f3 m\u0171veletek t\u00f6bbs\u00e9ge a keres\u0151 ablakb\u00f3l jobb eg\u00e9rgombos kattint\u00e1ssal el\u0151h\u00edvhat\u00f3 men\u00fcb\u0151l v\u00e1laszthat\u00f3.<\/p>\n<p>Minden keres\u0151 ablakra k\u00e9t k\u00fcl\u00f6nb\u00f6z\u0151 jobb eg\u00e9rgombos men\u00fc h\u00edvhat\u00f3 el\u0151.<\/p>\n<p>Az egyik ilyen men\u00fc az oszlopmegnevez\u00e9sek sor\u00e1ra helyezett jobb eg\u00e9rgombos kattint\u00e1s hat\u00e1s\u00e1ra jelenik meg<\/p>\n<p><a href=\"http:\/\/help.cobraszamlazoprogram.hu\/wp-content\/uploads\/2017\/03\/keres\u00e9s_1.png\"><img loading=\"lazy\" class=\"alignnone size-full wp-image-3644\" src=\"http:\/\/help.cobraszamlazoprogram.hu\/wp-content\/uploads\/2017\/03\/keres\u00e9s_1.png\" alt=\"keres\u00e9s_1\" width=\"243\" height=\"280\" srcset=\"https:\/\/help.cobraszamlazoprogram.hu\/wp-content\/uploads\/2017\/03\/keres\u00e9s_1.png 243w, https:\/\/help.cobraszamlazoprogram.hu\/wp-content\/uploads\/2017\/03\/keres\u00e9s_1-217x250.png 217w\" sizes=\"(max-width: 243px) 100vw, 243px\" \/><\/a><\/p>\n<ul>\n<li><strong>Rendez\u00e9si m\u0171veletek<\/strong>: Le\u00edr\u00e1s <a href=\"http:\/\/help.cobraszamlazoprogram.hu\/index.php\/2017\/03\/06\/a-kigyujtott-tetelek-rendezese-szurese-es-kereses\/\" target=\"_blank\">itt<\/a>\u00a0olvashat\u00f3.<\/li>\n<li><strong>Csoportos\u00edt\u00e1s m\u0171veletei<\/strong>: Le\u00edr\u00e1s <a href=\"http:\/\/help.cobraszamlazoprogram.hu\/index.php\/2017\/03\/06\/kigyujtott-tetelek-csoportositasa\/\" target=\"_blank\">itt<\/a>\u00a0olvashat\u00f3.<\/li>\n<li><strong>Oszlop elrejt\u00e9s \u00e9s v\u00e1laszt\u00f3<\/strong>: Le\u00edr\u00e1s <a href=\"http:\/\/help.cobraszamlazoprogram.hu\/index.php\/2017\/03\/06\/uj-oszlop-beillesztese-vagy-torlese\/\" target=\"_blank\">itt<\/a> olvashat\u00f3.<\/li>\n<li><strong>Illeszt\u00e9s<\/strong>: Amelyik mez\u0151n volt a kijel\u00f6l\u00e9s, a jobb eg\u00e9rgombos kattint\u00e1s el\u0151tt, annak a mez\u0151nek a m\u00e9ret\u00e9t a program az oszlophoz tartoz\u00f3 adatok helyes megjelen\u00edt\u00e9s\u00e9hez igaz\u00edtja. A fix m\u00e9retben megadott mez\u0151kre ez a m\u0171velet nincs hat\u00e1ssal.<\/li>\n<li><strong>Illeszt\u00e9s (\u00f6sszes oszlop)<\/strong>: A dinamikus m\u00e9retez\u00e9s\u0171 mez\u0151k illeszt\u00e9s\u00e9re van hat\u00e1ssal. A be\u00e1ll\u00edtott ablakm\u00e9reten bel\u00fcl az oszlopok sz\u00e9less\u00e9g\u00e9t a program optimaliz\u00e1lja.<\/li>\n<li><strong>Sz\u0171r\u0151 szerkeszt\u0151<\/strong>, <strong>Keres\u0151 panel<\/strong> \u00e9s <strong>Aut\u00f3Sz\u0171r\u0151<\/strong> sor: Le\u00edr\u00e1s <a href=\"http:\/\/help.cobraszamlazoprogram.hu\/index.php\/2017\/03\/06\/a-kigyujtott-tetelek-rendezese-szurese-es-kereses\/\" target=\"_blank\">itt<\/a>\u00a0olvashat\u00f3.<\/li>\n<\/ul>\n<p>A m\u00e1sik ilyen men\u00fc a keres\u0151 ablak t\u00e9teleket tartalmaz\u00f3 tartom\u00e1ny\u00e1b\u00f3l jobb eg\u00e9rgombra kattintva ind\u00edthat\u00f3<\/p>\n<p><a href=\"http:\/\/help.cobraszamlazoprogram.hu\/wp-content\/uploads\/2017\/03\/kereses_2.png\"><img loading=\"lazy\" class=\"alignnone size-full wp-image-3645\" src=\"http:\/\/help.cobraszamlazoprogram.hu\/wp-content\/uploads\/2017\/03\/kereses_2.png\" alt=\"kereses_2\" width=\"177\" height=\"75\" \/><\/a><\/p>\n<p>Ugyanezek a men\u00fcpontok v\u00e1laszthat\u00f3k a keres\u0151 ablakokban is, a t\u00e9telek megjelen\u00edt\u00e9s\u00e9re biztos\u00edtott tartom\u00e1ny alatti sorban az \u00a0<strong>Eszk\u00f6z\u00f6k<\/strong> ikonnal jelzett gombot lenyitva.<\/p>\n<p><a href=\"http:\/\/help.cobraszamlazoprogram.hu\/wp-content\/uploads\/2017\/03\/kereses_3.png\"><img loading=\"lazy\" class=\"alignnone size-medium wp-image-3646\" src=\"http:\/\/help.cobraszamlazoprogram.hu\/wp-content\/uploads\/2017\/03\/kereses_3-300x62.png\" alt=\"kereses_3\" width=\"300\" height=\"62\" srcset=\"https:\/\/help.cobraszamlazoprogram.hu\/wp-content\/uploads\/2017\/03\/kereses_3-300x62.png 300w, https:\/\/help.cobraszamlazoprogram.hu\/wp-content\/uploads\/2017\/03\/kereses_3-250x52.png 250w, https:\/\/help.cobraszamlazoprogram.hu\/wp-content\/uploads\/2017\/03\/kereses_3.png 507w\" sizes=\"(max-width: 300px) 100vw, 300px\" \/><\/a><\/p>\n<ul>\n<li><strong>..<\/strong> men\u00fct ind\u00edtva, a keres\u0151 ablakba kigy\u0171jt\u00f6tt t\u00e9telek megadott f\u00e1jlba export\u00e1lhat\u00f3k <strong>TXT<\/strong>, <strong>CSV<\/strong>, <strong>XLSX<\/strong>, vagy <strong>XML<\/strong> form\u00e1tumok k\u00f6z\u00fcl v\u00e1lasztva.<\/li>\n<li><strong>M\u00e1sol\u00e1s v\u00e1g\u00f3lapra<\/strong> men\u00fc hat\u00e1s\u00e1ra a program a keres\u0151 ablakba kigy\u0171jt\u00f6tt t\u00e9teleket v\u00e1g\u00f3lapra helyezi, ahonnan tetsz\u00e9s szerint haszn\u00e1lhat\u00f3 fel.<\/li>\n<li><strong>Nyomtat\u00e1si k\u00e9p<\/strong> men\u00fct v\u00e1lasztva, gener\u00e1l\u00f3dik egy nyomtat\u00e1si k\u00e9p a nyomtat\u00e1s c\u00edmek\u00e9nt a program \u00e9s az ablak nev\u00e9vel, fejl\u00e9ck\u00e9nt az oszlopmegnevez\u00e9sekkel, \u00e9s a fejl\u00e9c szerkezet\u00e9ben a keres\u0151ablakba kigy\u0171jt\u00f6tt t\u00e9telek adataival. Az ablakban a nyomtat\u00e1s param\u00e9terezhet\u0151, \u00e9s elind\u00edthat\u00f3.<\/li>\n<\/ul>\n","protected":false},"excerpt":{"rendered":"<p>A felsorol\u00e1sok lehetnek egy t\u00f6rzsadat \u00e1llom\u00e1ny t\u00e9telei, vagy egy analitik\u00e1hoz tartoz\u00f3 \u00e1llom\u00e1ny t\u00e9telei. Az ilyen ablakok neve tall\u00f3z\u00f3 vagy keres\u0151 ablak, illetve az adatfeldolgoz\u00e1sban alkalmazott szakmai nyelven browser. Ha egy \u00e1llom\u00e1ny viszonylag kicsi, mint p\u00e9ld\u00e1ul a lehets\u00e9ges, vagy a sz\u00e1ml\u00e1z\u00e1s sor\u00e1n alkalmazott \u00c1FA kulcsok \u00e1llom\u00e1nya, akkor c\u00e9lszer\u0171, hogy az \u00e1llom\u00e1nyt megnyitva az \u00e1llom\u00e1nyba tartoz\u00f3 \u00f6sszes t\u00e9telt felsorolja a program az ablakban. Viszont egy nagyobb \u00e1llom\u00e1ny eset\u00e9ben mint p\u00e9ld\u00e1ul a ki\u00e1ll\u00edtott v\u00e9gleges sz\u00e1ml\u00e1k \u00e1llom\u00e1nya, indokolt, hogy [&hellip;]<\/p>\n","protected":false},"author":3,"featured_media":0,"comment_status":"closed","ping_status":"closed","sticky":false,"template":"","format":"standard","meta":[],"categories":[44],"tags":[],"_links":{"self":[{"href":"https:\/\/help.cobraszamlazoprogram.hu\/index.php\/wp-json\/wp\/v2\/posts\/3643"}],"collection":[{"href":"https:\/\/help.cobraszamlazoprogram.hu\/index.php\/wp-json\/wp\/v2\/posts"}],"about":[{"href":"https:\/\/help.cobraszamlazoprogram.hu\/index.php\/wp-json\/wp\/v2\/types\/post"}],"author":[{"embeddable":true,"href":"https:\/\/help.cobraszamlazoprogram.hu\/index.php\/wp-json\/wp\/v2\/users\/3"}],"replies":[{"embeddable":true,"href":"https:\/\/help.cobraszamlazoprogram.hu\/index.php\/wp-json\/wp\/v2\/comments?post=3643"}],"version-history":[{"count":5,"href":"https:\/\/help.cobraszamlazoprogram.hu\/index.php\/wp-json\/wp\/v2\/posts\/3643\/revisions"}],"predecessor-version":[{"id":4478,"href":"https:\/\/help.cobraszamlazoprogram.hu\/index.php\/wp-json\/wp\/v2\/posts\/3643\/revisions\/4478"}],"wp:attachment":[{"href":"https:\/\/help.cobraszamlazoprogram.hu\/index.php\/wp-json\/wp\/v2\/media?parent=3643"}],"wp:term":[{"taxonomy":"category","embeddable":true,"href":"https:\/\/help.cobraszamlazoprogram.hu\/index.php\/wp-json\/wp\/v2\/categories?post=3643"},{"taxonomy":"post_tag","embeddable":true,"href":"https:\/\/help.cobraszamlazoprogram.hu\/index.php\/wp-json\/wp\/v2\/tags?post=3643"}],"curies":[{"name":"wp","href":"https:\/\/api.w.org\/{rel}","templated":true}]}}